{"id":3775,"date":"2024-07-26T12:04:02","date_gmt":"2024-07-26T15:04:02","guid":{"rendered":"https:\/\/eduvir.com.br\/novo\/?p=3775"},"modified":"2024-07-26T12:04:02","modified_gmt":"2024-07-26T15:04:02","slug":"lideranca-autentica-e-feminina-transformacao-pelo-futuro","status":"publish","type":"post","link":"https:\/\/eduvir.com.br\/novo\/2024\/07\/26\/lideranca-autentica-e-feminina-transformacao-pelo-futuro\/","title":{"rendered":"Lideran\u00e7a Aut\u00eantica e Feminina: Transforma\u00e7\u00e3o pelo Futuro"},"content":{"rendered":"<p id=\"ember61\" class=\"ember-view reader-text-block__paragraph\">Esta semana conclu\u00ed minha P\u00f3s-Gradua\u00e7\u00e3o em Sa\u00fade Mental e Desenvolvimento Humano da <a class=\"app-aware-link \" href=\"https:\/\/www.linkedin.com\/school\/pucproficial\/\" target=\"_self\" data-test-app-aware-link=\"\" rel=\"noopener\">Pontif\u00edcia Universidade Cat\u00f3lica do Paran\u00e1<\/a> e tive a feliz not\u00edcia de que tirei 10,0 no projeto final. Para celebrar essa conquista e para o bem da curadoria de conte\u00fado da nossa rede aqui no LinkedIn, n\u00e3o vou postar o certificado e sim trazer um pouco sobre meu projeto, feito para ser aplicado nas empresas num momento em que a sa\u00fade mental das mulheres est\u00e1 pedindo socorro.<\/p>\n<p id=\"ember63\" class=\"ember-view reader-text-block__paragraph\"><strong>Hist\u00f3ria Pessoal:<\/strong> Esse trabalho \u00e9 espelho da minha carreira, da caminhada que fiz at\u00e9 chegar aqui, com muita dificuldade, preconceito, esfor\u00e7o e luta. Eu comecei como engenheira de bota e capacete, trabalhando em f\u00e1brica com ambiente masculino e machista. Logo que fui liderar um time de apenas homens, bem mais velhos e experientes que eu, ouvi que o &#8220;meme&#8221; do momento era que a nossa \u00e1rea estava cheia de suti\u00e3 pendurado. Minha equipe era fant\u00e1stica e depois de nos conhecermos melhor, acho que eles entenderam sobre a minha seriedade e profissionalismo no trabalho.<\/p>\n<p id=\"ember65\" class=\"ember-view reader-text-block__paragraph\"><strong>Dedicat\u00f3ria:<\/strong> Esse projeto \u00e9 dedicado \u00e0s mulheres 50+ que chegaram at\u00e9 aqui sem apoio no mercado de trabalho. Convoco todas as mulheres 50- e os homens, para que se aliem \u00e0 nossa causa, e que juntos, tornemos o caminho mais equitativo e leve para as mulheres.<\/p>\n<hr class=\"reader-divider-block__horizontal-rule\" \/>\n<p id=\"ember66\" class=\"ember-view reader-text-block__paragraph\"><strong>Situa\u00e7\u00e3o Problema:<\/strong> O cen\u00e1rio atual \u00e9 alarmante: 45% das mulheres brasileiras possuem diagn\u00f3sticos de transtornos mentais. As causas incluem falta de dinheiro, sobrecarga e insatisfa\u00e7\u00e3o no trabalho, agravadas pela pandemia.(1) Em 2021, 42% das mulheres relataram sintomas de burnout.(2)<\/p>\n<p id=\"ember68\" class=\"ember-view reader-text-block__paragraph\"><strong>Justificativa:<\/strong> Em 2019, a OMS estimou que 970 milh\u00f5es de pessoas viviam com algum transtorno mental, sendo a maioria mulheres. A pandemia exacerbou esse problema, evidenciando a necessidade urgente de interven\u00e7\u00f5es no ambiente de trabalho. \u201cAs mulheres chegaram esgotadas em 2020, atravessaram uma das piores crises do s\u00e9culo e, mesmo com seu fim, continuam esgotadas em 2023\u201d.(1)<\/p>\n<hr class=\"reader-divider-block__horizontal-rule\" \/>\n<p id=\"ember69\" class=\"ember-view reader-text-block__paragraph\"><strong>Objetivo Geral:<\/strong> Fortalecer o protagonismo feminino nas organiza\u00e7\u00f5es, promovendo equidade de g\u00eanero, combatendo preconceitos e desconstruindo estere\u00f3tipos atrav\u00e9s de programas de treinamento e desenvolvimento.<\/p>\n<p id=\"ember71\" class=\"ember-view reader-text-block__paragraph\"><strong>Fundamenta\u00e7\u00e3o Te\u00f3rica:<\/strong> Apesar dos avan\u00e7os, a equidade de g\u00eanero ainda enfrenta grandes desafios. Mulheres chefiam 45% dos domic\u00edlios (3), mas ainda ganham 21% menos que os homens e enfrentam maior carga de trabalho dom\u00e9stico e cuidado com a fam\u00edlia (4). A fatia de mulheres que est\u00e3o abaixo da linha de pobreza no Brasil supera a de homens (32,3% contra 30,9% dos homens), segundo IBGE 2022. Observando a interseccionalidade de g\u00eanero e ra\u00e7a, a situa\u00e7\u00e3o \u00e9 ainda mais grave para pretas ou pardas: o percentual \u00e9 de 41,3%, quase o dobro das brancas 21,3%. (5)<\/p>\n<p id=\"ember73\" class=\"ember-view reader-text-block__paragraph\"><strong>Aplica\u00e7\u00e3o:<\/strong> A proposta do projeto est\u00e1 centrada em algo que \u00e9 b\u00e1sico, mas que geralmente n\u00e3o recebemos como educa\u00e7\u00e3o formal: <strong>alfabetiza\u00e7\u00e3o em equidade de g\u00eanero e letramento em sa\u00fade mental e emo\u00e7\u00f5es<\/strong>. Parece simples, talvez \u00f3bvio, mas infelizmente n\u00e3o \u00e9.<\/p>\n<p id=\"ember74\" class=\"ember-view reader-text-block__paragraph\">O projeto \u00e9 apenas o primeiro passo, focando na sensibiliza\u00e7\u00e3o sobre as dores das mulheres e fornecendo conte\u00fado para que colaboradores, l\u00edderes e RHs possam equalizar seu repert\u00f3rio sobre esse tema t\u00e3o relevante. \u00c9 crucial ter um espa\u00e7o de conscientiza\u00e7\u00e3o e debate de quest\u00f5es ainda estigmatizadas, visando alcan\u00e7ar a equidade, apoiar e acelerar as carreiras femininas, especialmente se a empresa est\u00e1 atenta \u00e0s pr\u00e1ticas de ESG.<\/p>\n<p id=\"ember76\" class=\"ember-view reader-text-block__paragraph\"><strong>Os Programas de Desenvolvimento incluem:<\/strong><\/p>\n<ul>\n<li><strong>Educa\u00e7\u00e3o sobre Equidade de G\u00eanero:<\/strong> Conhecer formalmente a evolu\u00e7\u00e3o hist\u00f3rica das mulheres, direitos constitucionais e sociais, desafios contempor\u00e2neos em diversidade, equidade e inclus\u00e3o da mulher no trabalho.<\/li>\n<li><strong>Letramento em Sa\u00fade Mental:<\/strong> Introduzir de forma abrangente conceitos b\u00e1sicos de sa\u00fade mental, sintomas, estrat\u00e9gias de autocuidado, escuta ativa, recursos e suporte.<\/li>\n<li><strong>Letramento em Emo\u00e7\u00f5es: <\/strong>Fornecer repert\u00f3rio sobre a autogest\u00e3o das emo\u00e7\u00f5es e empatia. As emo\u00e7\u00f5es desempenham v\u00e1rios pap\u00e9is no processo de racioc\u00ednio e, em certas ocasi\u00f5es, podem ser um substituto para a raz\u00e3o, como prop\u00f5e Ant\u00f3nio R. Dam\u00e1sio.<\/li>\n<\/ul>\n<p id=\"ember78\" class=\"ember-view reader-text-block__paragraph\">Lideran\u00e7as e RHs devem ser capazes de identificar e desconstruir vieses, e combater microagress\u00f5es, transformando-as em microapoios.<\/p>\n<p><img loading=\"lazy\" decoding=\"async\" class=\"alignnone size-medium wp-image-3776\" src=\"http:\/\/eduvir.com.br\/novo\/wp-content\/uploads\/2024\/07\/Texto-MH-25.07.24-1-300x150.png\" alt=\"\" width=\"300\" height=\"150\" srcset=\"https:\/\/eduvir.com.br\/novo\/wp-content\/uploads\/2024\/07\/Texto-MH-25.07.24-1-300x150.png 300w, https:\/\/eduvir.com.br\/novo\/wp-content\/uploads\/2024\/07\/Texto-MH-25.07.24-1-1024x512.png 1024w, https:\/\/eduvir.com.br\/novo\/wp-content\/uploads\/2024\/07\/Texto-MH-25.07.24-1-768x384.png 768w, https:\/\/eduvir.com.br\/novo\/wp-content\/uploads\/2024\/07\/Texto-MH-25.07.24-1-1536x768.png 1536w, https:\/\/eduvir.com.br\/novo\/wp-content\/uploads\/2024\/07\/Texto-MH-25.07.24-1-2048x1024.png 2048w\" sizes=\"(max-width: 300px) 100vw, 300px\" \/><\/p>\n<p id=\"ember81\" class=\"ember-view reader-text-block__paragraph\"><strong>Conclus\u00e3o:<\/strong> Investir na sa\u00fade mental e no desenvolvimento humano das mulheres \u00e9 crucial para o sucesso das organiza\u00e7\u00f5es. Empresas que adotam estas pr\u00e1ticas n\u00e3o apenas promovem um ambiente de trabalho mais saud\u00e1vel, mas melhoram a percep\u00e7\u00e3o de funcion\u00e1rios e do p\u00fablico sobre a marca empregadora, se destacam como l\u00edderes em responsabilidade social e igualdade de g\u00eanero e est\u00e3o comprometidas com a agenda de Direitos Humanos.<\/p>\n<hr class=\"reader-divider-block__horizontal-rule\" \/>\n<p id=\"ember82\" class=\"ember-view reader-text-block__paragraph\"><strong>Agradecimento:<\/strong> Agrade\u00e7o aos queridos professores que tanto me ensinaram e inspiraram para este projeto, a Professora, Psicanalista e Escritora <strong>Regina Navarro Lins<\/strong> e o Professor, Terapeuta, Educador Parental, Pesquisador e Palestrante <a class=\"app-aware-link \" href=\"https:\/\/www.linkedin.com\/in\/renato-maiato-caminha-324691312\/\" target=\"_self\" data-test-app-aware-link=\"\" rel=\"noopener\">Renato Maiato Caminha<\/a> . Meu obrigada tamb\u00e9m \u00e0 Professora, Antrop\u00f3loga, Pesquisadora e Escritora <a class=\"app-aware-link \" href=\"https:\/\/www.linkedin.com\/in\/mirian-goldenberg-9a371314a\/\" target=\"_self\" data-test-app-aware-link=\"\" rel=\"noopener\">Mirian Goldenberg<\/a> , \u00e0 Professora, Board Member, Mentora, Palestrante e LinkedIn Creator <a class=\"app-aware-link \" href=\"https:\/\/www.linkedin.com\/in\/soumarianaholanda\/\" target=\"_self\" data-test-app-aware-link=\"\" rel=\"noopener\">Mariana Holanda<\/a> e por fim ao Professor <a class=\"app-aware-link \" href=\"https:\/\/www.linkedin.com\/in\/saulo-pfeffer-geber-009024193\/\" target=\"_self\" data-test-app-aware-link=\"\" rel=\"noopener\">Saulo Pfeffer Geber<\/a> por orientar o projeto com simplicidade, apoio, leveza e consist\u00eancia.<\/p>\n<p id=\"ember83\" class=\"ember-view reader-text-block__paragraph\">E voc\u00ea? Que a\u00e7\u00f5es acha que as empresas devem fazer para promover a equidade de g\u00eanero?<\/p>\n<p id=\"ember85\" class=\"ember-view reader-text-block__paragraph\"><strong>Maria Helena Carneiro<\/strong><\/p>\n<p id=\"ember86\" class=\"ember-view reader-text-block__paragraph\"><strong>Especialista em Desenvolvimento Humano, Carreira e Sa\u00fade Mental.<\/strong><\/p>\n<p id=\"ember87\" class=\"ember-view reader-text-block__paragraph\"><strong>&#8230;&#8230;&#8230;&#8230;&#8230;&#8230;&#8230;&#8230;&#8230;&#8230;&#8230;&#8230;&#8230;&#8230;&#8230;&#8230;&#8230;&#8230;&#8230;&#8230;&#8230;&#8230;&#8230;&#8230;&#8230;&#8230;&#8230;&#8230;&#8230;&#8230;&#8230;&#8230;&#8230;&#8230;&#8230;&#8230;&#8230;&#8230;&#8230;&#8230;&#8230;&#8230;&#8230;&#8230;&#8230;&#8230;&#8230;&#8230;&#8230;&#8230;&#8230;&#8230;&#8230;&#8230;&#8230;<\/strong><\/p>\n<p id=\"ember88\" class=\"ember-view reader-text-block__paragraph\"><strong>Fontes Citadas:<\/strong><\/p>\n<p>1. Think Olga<br \/>\n2. Women in the Workplace &#8211; Mckinsey &amp; Company e Lean In<br \/>\n3. Plataforma Gente<br \/>\n4. G1 &#8211; Desigualdade de G\u00eanero<br \/>\n5. Uol &#8211; Folha de S\u00e3o Paulo &#8211; Pobreza<\/p>\n","protected":false},"excerpt":{"rendered":"<p>Esta semana conclu\u00ed minha P\u00f3s-Gradua\u00e7\u00e3o em Sa\u00fade Mental e Desenvolvimento Humano da Pontif\u00edcia Universidade Cat\u00f3lica do Paran\u00e1 e tive a feliz not\u00edcia de que tirei 10,0 no projeto final. Para celebrar essa conquista e para o bem da curadoria de conte\u00fado da nossa rede aqui no LinkedIn, n\u00e3o vou postar o certificado e sim trazer [&hellip;]<\/p>\n","protected":false},"author":22,"featured_media":3777,"comment_status":"open","ping_status":"open","sticky":false,"template":"","format":"standard","meta":{"footnotes":""},"categories":[5],"tags":[159,429,75],"_links":{"self":[{"href":"https:\/\/eduvir.com.br\/novo\/wp-json\/wp\/v2\/posts\/3775"}],"collection":[{"href":"https:\/\/eduvir.com.br\/novo\/wp-json\/wp\/v2\/posts"}],"about":[{"href":"https:\/\/eduvir.com.br\/novo\/wp-json\/wp\/v2\/types\/post"}],"author":[{"embeddable":true,"href":"https:\/\/eduvir.com.br\/novo\/wp-json\/wp\/v2\/users\/22"}],"replies":[{"embeddable":true,"href":"https:\/\/eduvir.com.br\/novo\/wp-json\/wp\/v2\/comments?post=3775"}],"version-history":[{"count":3,"href":"https:\/\/eduvir.com.br\/novo\/wp-json\/wp\/v2\/posts\/3775\/revisions"}],"predecessor-version":[{"id":3780,"href":"https:\/\/eduvir.com.br\/novo\/wp-json\/wp\/v2\/posts\/3775\/revisions\/3780"}],"wp:featuredmedia":[{"embeddable":true,"href":"https:\/\/eduvir.com.br\/novo\/wp-json\/wp\/v2\/media\/3777"}],"wp:attachment":[{"href":"https:\/\/eduvir.com.br\/novo\/wp-json\/wp\/v2\/media?parent=3775"}],"wp:term":[{"taxonomy":"category","embeddable":true,"href":"https:\/\/eduvir.com.br\/novo\/wp-json\/wp\/v2\/categories?post=3775"},{"taxonomy":"post_tag","embeddable":true,"href":"https:\/\/eduvir.com.br\/novo\/wp-json\/wp\/v2\/tags?post=3775"}],"curies":[{"name":"wp","href":"https:\/\/api.w.org\/{rel}","templated":true}]}}