{"id":3914,"date":"2024-10-04T11:29:33","date_gmt":"2024-10-04T14:29:33","guid":{"rendered":"https:\/\/eduvir.com.br\/novo\/?p=3914"},"modified":"2024-10-04T11:29:33","modified_gmt":"2024-10-04T14:29:33","slug":"como-empresas-e-liderancas-podem-ir-alem-do-obvio-ao-proteger-a-saude-mental-dos-funcionarios","status":"publish","type":"post","link":"https:\/\/eduvir.com.br\/novo\/2024\/10\/04\/como-empresas-e-liderancas-podem-ir-alem-do-obvio-ao-proteger-a-saude-mental-dos-funcionarios\/","title":{"rendered":"Como empresas e lideran\u00e7as podem ir al\u00e9m do \u00f3bvio ao proteger a sa\u00fade mental dos funcion\u00e1rios?"},"content":{"rendered":"<p>Parece \u00f3bvio que as empresas deveriam educar lideran\u00e7as e trabalhadores para desconstruir estigmas em torno da sa\u00fade mental, certo? Errado. Embora essa responsabilidade seja evidente, as empresas ainda n\u00e3o est\u00e3o agindo de forma suficientemente forte nesse sentido. No m\u00ednimo, os colaboradores deveriam entender o significado de cada estigma, reconhecer e evitar falas preconceituosas como as que est\u00e3o listadas abaixo.<\/p>\n<p>Pessoas com transtornos mentais frequentemente se escondem. Elas sofrem duplamente: primeiro, internamente, por lidarem com o transtorno, e depois, externamente, pelo medo de serem demitidas ou rejeitadas pela sociedade.<\/p>\n<p>Empresas e lideran\u00e7as t\u00eam o dever de desconstruir cada uma dessas frases:<br \/>\n\u274c &#8220;Voc\u00ea s\u00f3 est\u00e1 assim porque \u00e9 fraco.&#8221;<br \/>\n\u274c &#8220;Isso \u00e9 falta de for\u00e7a de vontade.&#8221;<br \/>\n\u274c&#8221;Como voc\u00ea pode trabalhar com esse tipo de problema?&#8221;<br \/>\n\u274c&#8221;Pessoas com depress\u00e3o n\u00e3o conseguem ser produtivas.&#8221;<br \/>\n\u274c&#8221;Cuidado, pessoas com esquizofrenia s\u00e3o perigosas.&#8221;<br \/>\n\u274c&#8221;N\u00e3o se aproxime, ele pode ser violento por causa da doen\u00e7a mental.&#8221;<br \/>\n\u274c&#8221;\u00c9 s\u00f3 para chamar aten\u00e7\u00e3o&#8221;:<br \/>\n\u274c&#8221;Ela est\u00e1 exagerando, s\u00f3 quer chamar aten\u00e7\u00e3o.&#8221;<br \/>\n\u274c&#8221;Ele fala que est\u00e1 deprimido, mas s\u00f3 quer que sintam pena.&#8221;<br \/>\n\u274c&#8221;Ningu\u00e9m que eu conhe\u00e7o tem esses problemas, isso deve ser coisa rara.&#8221;<br \/>\n\u274c&#8221;Isso s\u00f3 acontece com pessoas problem\u00e1ticas.&#8221;<br \/>\n\u274c&#8221;Voc\u00ea vai a um psic\u00f3logo? Mas voc\u00ea n\u00e3o \u00e9 louco!&#8221;<br \/>\n\u274c&#8221;Doen\u00e7a mental \u00e9 coisa de gente fora da realidade.&#8221;<br \/>\n\u274c&#8221;Depress\u00e3o? Voc\u00ea s\u00f3 precisa se levantar e fazer alguma coisa.&#8221;<br \/>\n\u274c&#8221;Ela \u00e9 assim porque n\u00e3o tem disciplina, se se esfor\u00e7asse mais, ficaria bem.&#8221;<br \/>\n\u274c&#8221;Quem tem esses problemas nunca melhora completamente.&#8221;<br \/>\n\u274c&#8221;Ele sempre ter\u00e1 esse problema, nunca vai superar.&#8221;<br \/>\n\u274c&#8221;Voc\u00ea vai ao psiquiatra? Isso \u00e9 uma vergonha!&#8221;<br \/>\n\u274c&#8221;N\u00e3o precisa de terapia, \u00e9 s\u00f3 resolver seus problemas sozinho.&#8221;<br \/>\n\u274c&#8221;Rem\u00e9dio para depress\u00e3o? Isso s\u00f3 vai te deixar mais doente.&#8221;<br \/>\n\u274c&#8221;Voc\u00ea n\u00e3o precisa de medica\u00e7\u00e3o, isso \u00e9 coisa de gente que quer se drogar.&#8221;<\/p>\n<p>Eu n\u00e3o posso escrever sobre como ir al\u00e9m do \u00f3bvio se ainda temos pessoas acreditando em alguma dessas frases. Essas frases refor\u00e7am preconceitos que s\u00f3 aumentam o sofrimento de quem enfrenta problemas de sa\u00fade mental. Empresas e lideran\u00e7as t\u00eam o poder e a responsabilidade de desmantelar esses estigmas, criando ambientes de trabalho mais inclusivos e saud\u00e1veis.<\/p>\n<p>\u00c9 hora de agir. Quais dessas frases voc\u00ea j\u00e1 ouviu no ambiente de trabalho ou at\u00e9 mesmo na sua vida pessoal? Compartilhe sua experi\u00eancia nos coment\u00e1rios e vamos juntos desconstruir esses estigmas. Quanto mais falarmos sobre sa\u00fade mental, mais conseguiremos transformar nossos ambientes de trabalho em espa\u00e7os acolhedores e livres de preconceitos.<\/p>\n","protected":false},"excerpt":{"rendered":"<p>Parece \u00f3bvio que as empresas deveriam educar lideran\u00e7as e trabalhadores para desconstruir estigmas em torno da sa\u00fade mental, certo? Errado. Embora essa responsabilidade seja evidente, as empresas ainda n\u00e3o est\u00e3o agindo de forma suficientemente forte nesse sentido. No m\u00ednimo, os colaboradores deveriam entender o significado de cada estigma, reconhecer e evitar falas preconceituosas como as [&hellip;]<\/p>\n","protected":false},"author":22,"featured_media":3915,"comment_status":"open","ping_status":"open","sticky":false,"template":"","format":"standard","meta":{"footnotes":""},"categories":[5],"tags":[159,317,75],"_links":{"self":[{"href":"https:\/\/eduvir.com.br\/novo\/wp-json\/wp\/v2\/posts\/3914"}],"collection":[{"href":"https:\/\/eduvir.com.br\/novo\/wp-json\/wp\/v2\/posts"}],"about":[{"href":"https:\/\/eduvir.com.br\/novo\/wp-json\/wp\/v2\/types\/post"}],"author":[{"embeddable":true,"href":"https:\/\/eduvir.com.br\/novo\/wp-json\/wp\/v2\/users\/22"}],"replies":[{"embeddable":true,"href":"https:\/\/eduvir.com.br\/novo\/wp-json\/wp\/v2\/comments?post=3914"}],"version-history":[{"count":1,"href":"https:\/\/eduvir.com.br\/novo\/wp-json\/wp\/v2\/posts\/3914\/revisions"}],"predecessor-version":[{"id":3916,"href":"https:\/\/eduvir.com.br\/novo\/wp-json\/wp\/v2\/posts\/3914\/revisions\/3916"}],"wp:featuredmedia":[{"embeddable":true,"href":"https:\/\/eduvir.com.br\/novo\/wp-json\/wp\/v2\/media\/3915"}],"wp:attachment":[{"href":"https:\/\/eduvir.com.br\/novo\/wp-json\/wp\/v2\/media?parent=3914"}],"wp:term":[{"taxonomy":"category","embeddable":true,"href":"https:\/\/eduvir.com.br\/novo\/wp-json\/wp\/v2\/categories?post=3914"},{"taxonomy":"post_tag","embeddable":true,"href":"https:\/\/eduvir.com.br\/novo\/wp-json\/wp\/v2\/tags?post=3914"}],"curies":[{"name":"wp","href":"https:\/\/api.w.org\/{rel}","templated":true}]}}